{"id":134,"date":"2022-05-07T11:26:58","date_gmt":"2022-05-07T11:26:58","guid":{"rendered":"https:\/\/www.turkmedchem.org\/?p=134"},"modified":"2022-05-20T16:37:17","modified_gmt":"2022-05-20T16:37:17","slug":"vi-ulusal-farmasotik-kimya-kongresi","status":"publish","type":"post","link":"https:\/\/www.turkmedchem.org\/index.php\/2022\/05\/07\/vi-ulusal-farmasotik-kimya-kongresi\/","title":{"rendered":"Marmara \u00dcniversitesi Eczac\u0131l\u0131k Fak\u00fcltesi, Farmas\u00f6tik Kimya Anabilim Dal\u0131  yeni ara\u015ft\u0131rma laboratuvar\u0131na kavu\u015ftu"},"content":{"rendered":"\t\t<div data-elementor-type=\"wp-post\" data-elementor-id=\"134\" class=\"elementor elementor-134\">\n\t\t\t\t\t\t<section class=\"elementor-section elementor-top-section elementor-element elementor-element-6e5a252 elementor-section-boxed elementor-section-height-default elementor-section-height-default\" data-id=\"6e5a252\" data-element_type=\"section\">\n\t\t\t\t\t\t<div class=\"elementor-container elementor-column-gap-default\">\n\t\t\t\t\t<div class=\"elementor-column elementor-col-100 elementor-top-column elementor-element elementor-element-9d341e7\" data-id=\"9d341e7\" data-element_type=\"column\">\n\t\t\t<div class=\"elementor-widget-wrap elementor-element-populated\">\n\t\t\t\t\t\t<section class=\"elementor-section elementor-inner-section elementor-element elementor-element-02e5da3 elementor-section-boxed elementor-section-height-default elementor-section-height-default\" data-id=\"02e5da3\" data-element_type=\"section\">\n\t\t\t\t\t\t<div class=\"elementor-container elementor-column-gap-default\">\n\t\t\t\t\t<div class=\"elementor-column elementor-col-50 elementor-inner-column elementor-element elementor-element-fb46150\" data-id=\"fb46150\" data-element_type=\"column\">\n\t\t\t<div class=\"elementor-widget-wrap elementor-element-populated\">\n\t\t\t\t\t\t<div class=\"elementor-element elementor-element-1870a52 elementor-widget elementor-widget-image\" data-id=\"1870a52\" data-element_type=\"widget\" data-widget_type=\"image.default\">\n\t\t\t\t<div class=\"elementor-widget-container\">\n\t\t\t\t\t\t\t\t\t\t\t\t\t\t\t<img fetchpriority=\"high\" decoding=\"async\" width=\"800\" height=\"600\" src=\"https:\/\/www.turkmedchem.org\/wp-content\/uploads\/2022\/05\/IMG-20220513-WA0010-1024x768.jpg\" class=\"attachment-large size-large wp-image-534\" alt=\"\" srcset=\"https:\/\/www.turkmedchem.org\/wp-content\/uploads\/2022\/05\/IMG-20220513-WA0010-1024x768.jpg 1024w, https:\/\/www.turkmedchem.org\/wp-content\/uploads\/2022\/05\/IMG-20220513-WA0010-300x225.jpg 300w, https:\/\/www.turkmedchem.org\/wp-content\/uploads\/2022\/05\/IMG-20220513-WA0010-768x576.jpg 768w, https:\/\/www.turkmedchem.org\/wp-content\/uploads\/2022\/05\/IMG-20220513-WA0010-1536x1152.jpg 1536w, https:\/\/www.turkmedchem.org\/wp-content\/uploads\/2022\/05\/IMG-20220513-WA0010.jpg 2048w\" sizes=\"(max-width: 800px) 100vw, 800px\" \/>\t\t\t\t\t\t\t\t\t\t\t\t\t\t\t<\/div>\n\t\t\t\t<\/div>\n\t\t\t\t\t<\/div>\n\t\t<\/div>\n\t\t\t\t<div class=\"elementor-column elementor-col-50 elementor-inner-column elementor-element elementor-element-cc24352\" data-id=\"cc24352\" data-element_type=\"column\">\n\t\t\t<div class=\"elementor-widget-wrap elementor-element-populated\">\n\t\t\t\t\t\t<div class=\"elementor-element elementor-element-b8ff118 elementor-widget elementor-widget-heading\" data-id=\"b8ff118\" data-element_type=\"widget\" data-widget_type=\"heading.default\">\n\t\t\t\t<div class=\"elementor-widget-container\">\n\t\t\t\t\t<h5 class=\"elementor-heading-title elementor-size-default\">Marmara \u00dcniversitesi Eczac\u0131l\u0131k Fak\u00fcltesi Farmas\u00f6tik Kimya Anabilim Dal\u0131\u2019n\u0131n yeni ara\u015ft\u0131rma laboratuvar\u0131 11 May\u0131s 2022 tarihinde a\u00e7\u0131ld\u0131. T\u00fcrk ila\u00e7 sekt\u00f6r\u00fcn\u00fcn \u00f6nde gelen firmalar\u0131ndan Polifarma \u0130la\u00e7, Farmas\u00f6tik Kimya Anabilim Dal\u0131 Laboratuvar\u0131\u2019na donan\u0131m altyap\u0131s\u0131n\u0131 ba\u011f\u0131\u015flad\u0131. Laboratuvar\u0131n a\u00e7\u0131l\u0131\u015f\u0131na, Marmara \u00dcniversitesi Rekt\u00f6r\u00fc Prof. Dr. Mustafa Kurt, Polifarma \u0130la\u00e7 Y\u00f6netim Kurulu Ba\u015fkan\u0131 Ufuk Kumrulu, Polifarma \u0130la\u00e7 Y\u00f6netim Kurulu Ba\u015fkan Yard\u0131mc\u0131s\u0131 Vildan Kumrulu, Eczac\u0131l\u0131k Fak\u00fcltesi Farmas\u00f6tik Kimya Anabilim Dal\u0131 Ba\u015fkan\u0131 Prof. Dr. \u0130lkay K\u00fc\u00e7\u00fckg\u00fczel, Eczac\u0131l\u0131k Fak\u00fcltesi Dekan\u0131 ve ge\u00e7mi\u015f d\u00f6nem Dekanlar\u0131 ile Polifarma \u0130la\u00e7 y\u00f6neticileri kat\u0131ld\u0131. Rekt\u00f6r Prof.Dr. Mustafa Kurt, kalk\u0131nm\u0131\u015f ve kalk\u0131nmakta olan \u00fclkelerde \u00fcniversitelerin sanayi ve ilgili sekt\u00f6rlerle i\u015f birli\u011fi yapt\u0131klar\u0131n\u0131 ve \u00fclkelerinin menfaatlerine y\u00f6nelik \u00fcr\u00fcn geli\u015ftirdiklerini belirterek, s\u00f6zlerine \u015f\u00f6yle devam etti: \"Eczac\u0131l\u0131k fak\u00fcltesinde bug\u00fcn \u00fclkemizin de say\u0131l\u0131 firmalar\u0131ndan Polifarma\u2019n\u0131n destekleriyle b\u00f6yle bir laboratuvar\u0131 a\u00e7t\u0131\u011f\u0131m\u0131z i\u00e7in \u00e7ok mutluyuz. Destek veren Polifarma Y\u00f6netim Kurulu Ba\u015fkan\u0131 ve Ba\u015fkan Yard\u0131mc\u0131s\u0131'na ve akademisyen hocalar\u0131m\u0131za \u00e7ok te\u015fekk\u00fcr ediyoruz\"<br>\n<\/h5>\t\t\t\t<\/div>\n\t\t\t\t<\/div>\n\t\t\t\t\t<\/div>\n\t\t<\/div>\n\t\t\t\t\t<\/div>\n\t\t<\/section>\n\t\t\t\t\t<\/div>\n\t\t<\/div>\n\t\t\t\t\t<\/div>\n\t\t<\/section>\n\t\t\t\t<section class=\"elementor-section elementor-top-section elementor-element elementor-element-4b72eea elementor-section-boxed elementor-section-height-default elementor-section-height-default\" data-id=\"4b72eea\" data-element_type=\"section\">\n\t\t\t\t\t\t<div class=\"elementor-container elementor-column-gap-default\">\n\t\t\t\t\t<div class=\"elementor-column elementor-col-100 elementor-top-column elementor-element elementor-element-e7c591b\" data-id=\"e7c591b\" data-element_type=\"column\">\n\t\t\t<div class=\"elementor-widget-wrap elementor-element-populated\">\n\t\t\t\t\t\t<div class=\"elementor-element elementor-element-e521a15 elementor-widget elementor-widget-heading\" data-id=\"e521a15\" data-element_type=\"widget\" data-widget_type=\"heading.default\">\n\t\t\t\t<div class=\"elementor-widget-container\">\n\t\t\t\t\t<h5 class=\"elementor-heading-title elementor-size-default\">.\nAra\u015ft\u0131rma laboratuvar\u0131 yapt\u0131r\u0131lan M.\u00dc. Eczac\u0131l\u0131k Fak\u00fcltesi Farmas\u00f6tik Kimya Anabilim Dal\u0131 Ba\u015fkan\u0131 Prof. Dr. \u0130lkay K\u00fc\u00e7\u00fckg\u00fczel; yap\u0131lan bu ba\u011f\u0131\u015f neticesinde ortaya \u00e7\u0131kan eserle ara\u015ft\u0131rmac\u0131lar\u0131n ve lisans\u00fcst\u00fc e\u011fitim alan \u00f6\u011frencilerin \u00e7a\u011f\u0131n gereklerine uygun bir laboratuvara kavu\u015ftuklar\u0131n\u0131 s\u00f6yledi. Otuz y\u0131l\u0131 a\u015fk\u0131n bir s\u00fcrede yeti\u015ftirdikleri y\u00fcksek lisans ve doktora mezunlar\u0131n\u0131n akademide ve ila\u00e7 sekt\u00f6r\u00fcnde \u00f6nemli roller \u00fcstlendiklerini belirten Prof. Dr. K\u00fc\u00e7\u00fckg\u00fczel s\u00f6zlerini \u015fu \u015fekilde tamamlad\u0131: \u201cYapt\u0131klar\u0131 bu ba\u011f\u0131\u015fla birlikte, mezunumuz olmas\u0131ndan onur duydu\u011fumuz, Polifarma \u0130la\u00e7\u2019\u0131n kurucusu merhum Ecz. Necdet Nuri Kumrulu\u2019nun da ad\u0131n\u0131 ya\u015fatmak i\u00e7in elimizden geleni yapaca\u011f\u0131z.\nKonu\u015fmalar sonras\u0131 fak\u00fcltenin 3. kat\u0131nda bulunan Farmas\u00f6tik Kimya \u2013 \u0130la\u00e7 Sentezi Ar-Ge laboratuvar\u0131n\u0131n kurdele kesme merasimi ger\u00e7ekle\u015ftirilerek konuklara ve bas\u0131n mensuplar\u0131na laboratuvar\u0131n tan\u0131t\u0131m\u0131 yap\u0131ld\u0131.\nBu mutlu g\u00fcn\u00fc anlaml\u0131 k\u0131lan bir ba\u015fka haber de Farmas\u00f6tik Kimya Anabilim Dal\u0131nda bulunan toplant\u0131 odas\u0131 ve k\u00fct\u00fcphaneye Fak\u00fcltemizin Emekli \u00d6\u011fretim \u00dcyelerinden ve ge\u00e7mi\u015f d\u00f6nem Dekanlar\u0131ndan Prof.Dr. Sevim Rollas hocam\u0131z\u0131n ad\u0131n\u0131n verilmesiydi. Bu a\u00e7\u0131l\u0131\u015f da Marmara \u00dcniversitesi Rekt\u00f6r\u00fc Say\u0131n Prof.Dr. Mustafa Kurt taraf\u0131ndan ger\u00e7ekle\u015ftirildi.\n<div>\n<br><\/div>\n\n<p><a href=\"https:\/\/www.aa.com.tr\/tr\/saglik\/polifarma-dan-marmara-universitesi-ne-donanim-destegi\/2585206\">https:\/\/www.aa.com.tr\/tr\/saglik\/polifarma-dan-marmara-universitesi-ne-donanim-destegi\/2585206<\/a><\/p>\n<p><a href=\"https:\/\/www.marmara.edu.tr\/news\/eczacilik-fakultesinde-yeni-laboratuvar-heyecani\">https:\/\/www.marmara.edu.tr\/news\/eczacilik-fakultesinde-yeni-laboratuvar-heyecani<\/a><\/p>\n<p><a href=\"https:\/\/www.turkchem.net\/polifarma-dan-marmara-universitesi-ne-buyuk-destek.html\">https:\/\/www.turkchem.net\/polifarma-dan-marmara-universitesi-ne-buyuk-destek.html<\/a><\/p>\n\n<\/h5>\t\t\t\t<\/div>\n\t\t\t\t<\/div>\n\t\t\t\t\t<\/div>\n\t\t<\/div>\n\t\t\t\t\t<\/div>\n\t\t<\/section>\n\t\t\t\t<section class=\"elementor-section elementor-top-section elementor-element elementor-element-6c3105f elementor-section-boxed elementor-section-height-default elementor-section-height-default\" data-id=\"6c3105f\" data-element_type=\"section\">\n\t\t\t\t\t\t<div class=\"elementor-container elementor-column-gap-default\">\n\t\t\t\t\t<div class=\"elementor-column elementor-col-50 elementor-top-column elementor-element elementor-element-a34c012\" data-id=\"a34c012\" data-element_type=\"column\">\n\t\t\t<div class=\"elementor-widget-wrap elementor-element-populated\">\n\t\t\t\t\t\t<div class=\"elementor-element elementor-element-48cfe42 elementor-widget elementor-widget-image\" data-id=\"48cfe42\" data-element_type=\"widget\" data-widget_type=\"image.default\">\n\t\t\t\t<div class=\"elementor-widget-container\">\n\t\t\t\t\t\t\t\t\t\t\t\t\t\t\t<img decoding=\"async\" width=\"750\" height=\"500\" src=\"https:\/\/www.turkmedchem.org\/wp-content\/uploads\/2022\/05\/2022_05_poli2.jpg\" class=\"attachment-large size-large wp-image-538\" alt=\"\" srcset=\"https:\/\/www.turkmedchem.org\/wp-content\/uploads\/2022\/05\/2022_05_poli2.jpg 750w, https:\/\/www.turkmedchem.org\/wp-content\/uploads\/2022\/05\/2022_05_poli2-300x200.jpg 300w\" sizes=\"(max-width: 750px) 100vw, 750px\" \/>\t\t\t\t\t\t\t\t\t\t\t\t\t\t\t<\/div>\n\t\t\t\t<\/div>\n\t\t\t\t\t<\/div>\n\t\t<\/div>\n\t\t\t\t<div class=\"elementor-column elementor-col-50 elementor-top-column elementor-element elementor-element-fcb5362\" data-id=\"fcb5362\" data-element_type=\"column\">\n\t\t\t<div class=\"elementor-widget-wrap elementor-element-populated\">\n\t\t\t\t\t\t<div class=\"elementor-element elementor-element-05ba4c4 elementor-widget elementor-widget-image\" data-id=\"05ba4c4\" data-element_type=\"widget\" data-widget_type=\"image.default\">\n\t\t\t\t<div class=\"elementor-widget-container\">\n\t\t\t\t\t\t\t\t\t\t\t\t\t\t\t<img decoding=\"async\" width=\"800\" height=\"520\" src=\"https:\/\/www.turkmedchem.org\/wp-content\/uploads\/2022\/05\/DSC_9180-1024x666.jpg\" class=\"attachment-large size-large wp-image-539\" alt=\"\" srcset=\"https:\/\/www.turkmedchem.org\/wp-content\/uploads\/2022\/05\/DSC_9180-1024x666.jpg 1024w, https:\/\/www.turkmedchem.org\/wp-content\/uploads\/2022\/05\/DSC_9180-300x195.jpg 300w, https:\/\/www.turkmedchem.org\/wp-content\/uploads\/2022\/05\/DSC_9180-768x500.jpg 768w, https:\/\/www.turkmedchem.org\/wp-content\/uploads\/2022\/05\/DSC_9180-1536x999.jpg 1536w, https:\/\/www.turkmedchem.org\/wp-content\/uploads\/2022\/05\/DSC_9180.jpg 1600w\" sizes=\"(max-width: 800px) 100vw, 800px\" \/>\t\t\t\t\t\t\t\t\t\t\t\t\t\t\t<\/div>\n\t\t\t\t<\/div>\n\t\t\t\t\t<\/div>\n\t\t<\/div>\n\t\t\t\t\t<\/div>\n\t\t<\/section>\n\t\t\t\t<\/div>\n\t\t","protected":false},"excerpt":{"rendered":"<p>Marmara \u00dcniversitesi Eczac\u0131l\u0131k Fak\u00fcltesi Farmas\u00f6tik Kimya Anabilim Dal\u0131\u2019n\u0131n yeni ara\u015ft\u0131rma laboratuvar\u0131 11 May\u0131s 2022 tarihinde a\u00e7\u0131ld\u0131. T\u00fcrk ila\u00e7 sekt\u00f6r\u00fcn\u00fcn \u00f6nde gelen firmalar\u0131ndan Polifarma \u0130la\u00e7, Farmas\u00f6tik Kimya Anabilim Dal\u0131 Laboratuvar\u0131\u2019na donan\u0131m altyap\u0131s\u0131n\u0131 ba\u011f\u0131\u015flad\u0131. Laboratuvar\u0131n a\u00e7\u0131l\u0131\u015f\u0131na, Marmara \u00dcniversitesi Rekt\u00f6r\u00fc Prof. Dr. Mustafa Kurt, Polifarma \u0130la\u00e7 Y\u00f6netim Kurulu Ba\u015fkan\u0131 Ufuk Kumrulu, Polifarma \u0130la\u00e7 Y\u00f6netim Kurulu Ba\u015fkan Yard\u0131mc\u0131s\u0131 Vildan [&hellip;]<\/p>\n","protected":false},"author":1,"featured_media":546,"comment_status":"open","ping_status":"open","sticky":false,"template":"","format":"standard","meta":{"footnotes":""},"categories":[5],"tags":[],"class_list":["post-134","post","type-post","status-publish","format-standard","has-post-thumbnail","hentry","category-haberler"],"_links":{"self":[{"href":"https:\/\/www.turkmedchem.org\/index.php\/wp-json\/wp\/v2\/posts\/134","targetHints":{"allow":["GET"]}}],"collection":[{"href":"https:\/\/www.turkmedchem.org\/index.php\/wp-json\/wp\/v2\/posts"}],"about":[{"href":"https:\/\/www.turkmedchem.org\/index.php\/wp-json\/wp\/v2\/types\/post"}],"author":[{"embeddable":true,"href":"https:\/\/www.turkmedchem.org\/index.php\/wp-json\/wp\/v2\/users\/1"}],"replies":[{"embeddable":true,"href":"https:\/\/www.turkmedchem.org\/index.php\/wp-json\/wp\/v2\/comments?post=134"}],"version-history":[{"count":16,"href":"https:\/\/www.turkmedchem.org\/index.php\/wp-json\/wp\/v2\/posts\/134\/revisions"}],"predecessor-version":[{"id":548,"href":"https:\/\/www.turkmedchem.org\/index.php\/wp-json\/wp\/v2\/posts\/134\/revisions\/548"}],"wp:featuredmedia":[{"embeddable":true,"href":"https:\/\/www.turkmedchem.org\/index.php\/wp-json\/wp\/v2\/media\/546"}],"wp:attachment":[{"href":"https:\/\/www.turkmedchem.org\/index.php\/wp-json\/wp\/v2\/media?parent=134"}],"wp:term":[{"taxonomy":"category","embeddable":true,"href":"https:\/\/www.turkmedchem.org\/index.php\/wp-json\/wp\/v2\/categories?post=134"},{"taxonomy":"post_tag","embeddable":true,"href":"https:\/\/www.turkmedchem.org\/index.php\/wp-json\/wp\/v2\/tags?post=134"}],"curies":[{"name":"wp","href":"https:\/\/api.w.org\/{rel}","templated":true}]}}