{"id":518,"date":"2022-05-19T14:12:37","date_gmt":"2022-05-19T14:12:37","guid":{"rendered":"https:\/\/www.turkmedchem.org\/?p=518"},"modified":"2022-06-09T13:55:48","modified_gmt":"2022-06-09T13:55:48","slug":"518","status":"publish","type":"post","link":"https:\/\/www.turkmedchem.org\/index.php\/2022\/05\/19\/518\/","title":{"rendered":"VI. ULUSAL FARMAS\u00d6T\u0130K K\u0130MYA KONGRES\u0130"},"content":{"rendered":"<p class=\"mb-4\">T\u00fcrk Farmas\u00f6tik Kimya Derne\u011fi\u2019nin De\u011ferli \u00dcyeleri,<\/p>\n<p class=\"mb-4\">Bildi\u011finiz gibi, derne\u011fimiz taraf\u0131ndan her iki y\u0131lda bir d\u00fczenlenen Ulusal Farmas\u00f6tik Kimya Kongresi\u2019nin alt\u0131nc\u0131s\u0131, Covid-19 pandemisi nedeniyle ertelenmi\u015fti. Ertelenen kongremiz, 26- 29 A\u011fustos 2022 tarihleri aras\u0131nda Fenerbah\u00e7e \u00dcniversitesi, Eczac\u0131l\u0131k Fak\u00fcltesi ev sahipli\u011finde (Fenerbah\u00e7e \u00dcniversitesi Eczac\u0131l\u0131k Fak\u00fcltesi, Ata\u015fehir Yerle\u015fkesi) \u0130stanbul\u2019da d\u00fczenlenecektir.<\/p>\n<p class=\"mb-4\">Bu kongrede, akademik \u00e7al\u0131\u015fmalar\u0131n en k\u0131ymetli sonu\u00e7lar\u0131ndan olan y\u00fcksek lisans ve doktora tez sunumlar\u0131n\u0131n yan\u0131 s\u0131ra tez d\u0131\u015f\u0131 sunumlara da (s\u00f6zl\u00fc\/poster) yer verilerek kongre kapsam\u0131n\u0131n geni\u015fletilmesine karar verilmi\u015ftir. Kongrede sunulacak \u00e7al\u0131\u015fmalar, Akredite Fak\u00fcltelerin Anabilim Dal\u0131 Ba\u015fkanlar\u0131\u2019ndan olu\u015fan Bilimsel Komite taraf\u0131ndan de\u011ferlendirilecektir. EFMC Ba\u015fkan\u0131 Prof. Dr. Rui Moreira, kongremize davetli konu\u015fmac\u0131 olarak kat\u0131lacakt\u0131r. Kongre Y\u00d6K\u2019\u00fcn belirledi\u011fi akademik y\u00fckseltilme kriterlerini kar\u015f\u0131lamaktad\u0131r.<\/p>\n<p>&nbsp;<\/p>\n<p class=\"mb-4\">Kongremizde ayr\u0131ca emekli olan \u00f6\u011fretim \u00fcyelerimize ve akademik y\u00fckseltmeleri ger\u00e7ekle\u015fen meslekda\u015flar\u0131m\u0131za plaketleri takdim edilecektir.<\/p>\n<p class=\"mb-4\">Kongremizde hep birlikte olmak dile\u011fiyle sayg\u0131lar sunar\u0131m.<\/p>\n<p class=\"mb-2\"><span class=\"fw-bold fs-5\">Prof. Dr. Ayla Balkan<\/span><\/p>\n<p class=\"mb-2\"><span class=\"fw-bold fs-6 fst-italic\">Ba\u015fkan<\/span><\/p>\n<p>&nbsp;<\/p>\n<p>Kongre ile ilgili kay\u0131t, konaklama ve di\u011fer ayr\u0131nt\u0131lar i\u00e7in l\u00fctfen <a href=\"https:\/\/ufmkk.fbu.edu.tr\">https:\/\/ufmkk.fbu.edu.tr<\/a> adresini ziyaret ediniz.<\/p>\n","protected":false},"excerpt":{"rendered":"<p>T\u00fcrk Farmas\u00f6tik Kimya Derne\u011fi\u2019nin De\u011ferli \u00dcyeleri, Bildi\u011finiz gibi, derne\u011fimiz taraf\u0131ndan her iki y\u0131lda bir d\u00fczenlenen Ulusal Farmas\u00f6tik Kimya Kongresi\u2019nin alt\u0131nc\u0131s\u0131, Covid-19 pandemisi nedeniyle ertelenmi\u015fti. Ertelenen kongremiz, 26- 29 A\u011fustos 2022 tarihleri aras\u0131nda Fenerbah\u00e7e \u00dcniversitesi, Eczac\u0131l\u0131k Fak\u00fcltesi ev sahipli\u011finde (Fenerbah\u00e7e \u00dcniversitesi Eczac\u0131l\u0131k Fak\u00fcltesi, Ata\u015fehir Yerle\u015fkesi) \u0130stanbul\u2019da d\u00fczenlenecektir. Bu kongrede, akademik \u00e7al\u0131\u015fmalar\u0131n en k\u0131ymetli sonu\u00e7lar\u0131ndan olan y\u00fcksek [&hellip;]<\/p>\n","protected":false},"author":1,"featured_media":552,"comment_status":"open","ping_status":"open","sticky":false,"template":"","format":"standard","meta":{"footnotes":""},"categories":[5],"tags":[],"class_list":["post-518","post","type-post","status-publish","format-standard","has-post-thumbnail","hentry","category-haberler"],"_links":{"self":[{"href":"https:\/\/www.turkmedchem.org\/index.php\/wp-json\/wp\/v2\/posts\/518","targetHints":{"allow":["GET"]}}],"collection":[{"href":"https:\/\/www.turkmedchem.org\/index.php\/wp-json\/wp\/v2\/posts"}],"about":[{"href":"https:\/\/www.turkmedchem.org\/index.php\/wp-json\/wp\/v2\/types\/post"}],"author":[{"embeddable":true,"href":"https:\/\/www.turkmedchem.org\/index.php\/wp-json\/wp\/v2\/users\/1"}],"replies":[{"embeddable":true,"href":"https:\/\/www.turkmedchem.org\/index.php\/wp-json\/wp\/v2\/comments?post=518"}],"version-history":[{"count":4,"href":"https:\/\/www.turkmedchem.org\/index.php\/wp-json\/wp\/v2\/posts\/518\/revisions"}],"predecessor-version":[{"id":530,"href":"https:\/\/www.turkmedchem.org\/index.php\/wp-json\/wp\/v2\/posts\/518\/revisions\/530"}],"wp:featuredmedia":[{"embeddable":true,"href":"https:\/\/www.turkmedchem.org\/index.php\/wp-json\/wp\/v2\/media\/552"}],"wp:attachment":[{"href":"https:\/\/www.turkmedchem.org\/index.php\/wp-json\/wp\/v2\/media?parent=518"}],"wp:term":[{"taxonomy":"category","embeddable":true,"href":"https:\/\/www.turkmedchem.org\/index.php\/wp-json\/wp\/v2\/categories?post=518"},{"taxonomy":"post_tag","embeddable":true,"href":"https:\/\/www.turkmedchem.org\/index.php\/wp-json\/wp\/v2\/tags?post=518"}],"curies":[{"name":"wp","href":"https:\/\/api.w.org\/{rel}","templated":true}]}}